{"id":1090,"date":"2023-03-22T19:27:00","date_gmt":"2023-03-22T19:27:00","guid":{"rendered":"https:\/\/andreatomicich.com\/?p=1090"},"modified":"2023-07-05T19:28:13","modified_gmt":"2023-07-05T19:28:13","slug":"innaugurazione-comune-day-0","status":"publish","type":"post","link":"https:\/\/andreatomicich.com\/index.php\/2023\/03\/22\/innaugurazione-comune-day-0\/","title":{"rendered":"Innaugurazione Comune &#8211; Day 0"},"content":{"rendered":"\n<p>L&#8217;innaugurazione della mostra &#8220;What your eyes can see not&#8221; \u00e8 finalmente stata fatta. Sono molto felice, \u00e8 stato un momento di vera gioia vedere cos\u00ec tante persone tutte insieme per vedere la mostra. Solo nella serata dell&#8217;innaugurazione ci sono state pi\u00f9 di 90 persone, amici, parenti, conoscenti o solamente semplici curiosi. <\/p>\n\n\n\n<figure class=\"wp-block-image aligncenter size-full\"><img loading=\"lazy\" decoding=\"async\" width=\"640\" height=\"425\" src=\"https:\/\/andreatomicich.com\/wp-content\/uploads\/2023\/07\/IMG_2901.jpg\" alt=\"\" class=\"wp-image-1091\" srcset=\"https:\/\/andreatomicich.com\/wp-content\/uploads\/2023\/07\/IMG_2901.jpg 640w, https:\/\/andreatomicich.com\/wp-content\/uploads\/2023\/07\/IMG_2901-300x199.jpg 300w\" sizes=\"auto, (max-width: 640px) 100vw, 640px\" \/><\/figure>\n\n\n\n<p>La fotografia ad infrarosso \u00e8 stato un argomento molto interessante e le domande sono state veramente tantissime, insieme alla lunga lista di complimenti e di foto. Un grazie di cuore a tutti quelli che hanno partecipato.<\/p>\n\n\n\n<div class=\"wp-block-columns is-layout-flex wp-container-core-columns-is-layout-28f84493 wp-block-columns-is-layout-flex\">\n<div class=\"wp-block-column is-layout-flow wp-block-column-is-layout-flow\">\n<figure class=\"wp-block-image aligncenter size-full\"><img loading=\"lazy\" decoding=\"async\" width=\"640\" height=\"427\" src=\"https:\/\/andreatomicich.com\/wp-content\/uploads\/2023\/07\/DSC03645.jpg\" alt=\"\" class=\"wp-image-1092\" srcset=\"https:\/\/andreatomicich.com\/wp-content\/uploads\/2023\/07\/DSC03645.jpg 640w, https:\/\/andreatomicich.com\/wp-content\/uploads\/2023\/07\/DSC03645-300x200.jpg 300w\" sizes=\"auto, (max-width: 640px) 100vw, 640px\" \/><\/figure>\n<\/div>\n\n\n\n<div class=\"wp-block-column is-layout-flow wp-block-column-is-layout-flow\">\n<figure class=\"wp-block-image aligncenter size-full\"><img loading=\"lazy\" decoding=\"async\" width=\"640\" height=\"427\" src=\"https:\/\/andreatomicich.com\/wp-content\/uploads\/2023\/07\/IMG_2782.jpg\" alt=\"\" class=\"wp-image-1093\" srcset=\"https:\/\/andreatomicich.com\/wp-content\/uploads\/2023\/07\/IMG_2782.jpg 640w, https:\/\/andreatomicich.com\/wp-content\/uploads\/2023\/07\/IMG_2782-300x200.jpg 300w\" sizes=\"auto, (max-width: 640px) 100vw, 640px\" \/><\/figure>\n<\/div>\n<\/div>\n\n\n\n<div class=\"wp-block-columns is-layout-flex wp-container-core-columns-is-layout-28f84493 wp-block-columns-is-layout-flex\">\n<div class=\"wp-block-column is-layout-flow wp-block-column-is-layout-flow\">\n<figure class=\"wp-block-image aligncenter size-full\"><img loading=\"lazy\" decoding=\"async\" width=\"426\" height=\"640\" src=\"https:\/\/andreatomicich.com\/wp-content\/uploads\/2023\/07\/DSC03644.jpg\" alt=\"\" class=\"wp-image-1094\" srcset=\"https:\/\/andreatomicich.com\/wp-content\/uploads\/2023\/07\/DSC03644.jpg 426w, https:\/\/andreatomicich.com\/wp-content\/uploads\/2023\/07\/DSC03644-200x300.jpg 200w\" sizes=\"auto, (max-width: 426px) 100vw, 426px\" \/><\/figure>\n<\/div>\n\n\n\n<div class=\"wp-block-column is-layout-flow wp-block-column-is-layout-flow\">\n<figure class=\"wp-block-image aligncenter size-full\"><img loading=\"lazy\" decoding=\"async\" width=\"426\" height=\"640\" src=\"https:\/\/andreatomicich.com\/wp-content\/uploads\/2023\/07\/DSC03643.jpg\" alt=\"\" class=\"wp-image-1095\" srcset=\"https:\/\/andreatomicich.com\/wp-content\/uploads\/2023\/07\/DSC03643.jpg 426w, https:\/\/andreatomicich.com\/wp-content\/uploads\/2023\/07\/DSC03643-200x300.jpg 200w\" sizes=\"auto, (max-width: 426px) 100vw, 426px\" \/><\/figure>\n<\/div>\n<\/div>\n\n\n\n<div class=\"wp-block-columns is-layout-flex wp-container-core-columns-is-layout-28f84493 wp-block-columns-is-layout-flex\">\n<div class=\"wp-block-column is-vertically-aligned-center is-layout-flow wp-block-column-is-layout-flow\" style=\"flex-basis:50%\">\n<figure class=\"wp-block-image aligncenter size-full\"><img loading=\"lazy\" decoding=\"async\" width=\"640\" height=\"357\" src=\"https:\/\/andreatomicich.com\/wp-content\/uploads\/2023\/07\/DSC03649.jpg\" alt=\"\" class=\"wp-image-1096\" srcset=\"https:\/\/andreatomicich.com\/wp-content\/uploads\/2023\/07\/DSC03649.jpg 640w, https:\/\/andreatomicich.com\/wp-content\/uploads\/2023\/07\/DSC03649-300x167.jpg 300w\" sizes=\"auto, (max-width: 640px) 100vw, 640px\" \/><\/figure>\n<\/div>\n\n\n\n<div class=\"wp-block-column is-layout-flow wp-block-column-is-layout-flow\" style=\"flex-basis:50%\">\n<figure class=\"wp-block-image aligncenter size-full\"><img loading=\"lazy\" decoding=\"async\" width=\"640\" height=\"426\" src=\"https:\/\/andreatomicich.com\/wp-content\/uploads\/2023\/07\/DSC03646.jpg\" alt=\"\" class=\"wp-image-1097\" srcset=\"https:\/\/andreatomicich.com\/wp-content\/uploads\/2023\/07\/DSC03646.jpg 640w, https:\/\/andreatomicich.com\/wp-content\/uploads\/2023\/07\/DSC03646-300x200.jpg 300w\" sizes=\"auto, (max-width: 640px) 100vw, 640px\" \/><\/figure>\n<\/div>\n<\/div>\n\n\n\n<div class=\"wp-block-columns is-layout-flex wp-container-core-columns-is-layout-28f84493 wp-block-columns-is-layout-flex\">\n<div class=\"wp-block-column is-layout-flow wp-block-column-is-layout-flow\">\n<figure class=\"wp-block-image aligncenter size-full\"><img loading=\"lazy\" decoding=\"async\" width=\"640\" height=\"427\" src=\"https:\/\/andreatomicich.com\/wp-content\/uploads\/2023\/07\/IMG_2754_01.jpg\" alt=\"\" class=\"wp-image-1098\" srcset=\"https:\/\/andreatomicich.com\/wp-content\/uploads\/2023\/07\/IMG_2754_01.jpg 640w, https:\/\/andreatomicich.com\/wp-content\/uploads\/2023\/07\/IMG_2754_01-300x200.jpg 300w\" sizes=\"auto, (max-width: 640px) 100vw, 640px\" \/><\/figure>\n<\/div>\n\n\n\n<div class=\"wp-block-column is-layout-flow wp-block-column-is-layout-flow\">\n<figure class=\"wp-block-image aligncenter size-full\"><img loading=\"lazy\" decoding=\"async\" width=\"640\" height=\"427\" src=\"https:\/\/andreatomicich.com\/wp-content\/uploads\/2023\/07\/IMG_2824.jpg\" alt=\"\" class=\"wp-image-1099\" srcset=\"https:\/\/andreatomicich.com\/wp-content\/uploads\/2023\/07\/IMG_2824.jpg 640w, https:\/\/andreatomicich.com\/wp-content\/uploads\/2023\/07\/IMG_2824-300x200.jpg 300w\" sizes=\"auto, (max-width: 640px) 100vw, 640px\" \/><\/figure>\n<\/div>\n<\/div>\n\n\n\n<div class=\"wp-block-columns is-layout-flex wp-container-core-columns-is-layout-28f84493 wp-block-columns-is-layout-flex\">\n<div class=\"wp-block-column is-layout-flow wp-block-column-is-layout-flow\">\n<figure class=\"wp-block-image size-full\"><img loading=\"lazy\" decoding=\"async\" width=\"640\" height=\"427\" src=\"https:\/\/andreatomicich.com\/wp-content\/uploads\/2023\/07\/IMG_2831.jpg\" alt=\"\" class=\"wp-image-1100\" srcset=\"https:\/\/andreatomicich.com\/wp-content\/uploads\/2023\/07\/IMG_2831.jpg 640w, https:\/\/andreatomicich.com\/wp-content\/uploads\/2023\/07\/IMG_2831-300x200.jpg 300w\" sizes=\"auto, (max-width: 640px) 100vw, 640px\" \/><\/figure>\n<\/div>\n\n\n\n<div class=\"wp-block-column is-layout-flow wp-block-column-is-layout-flow\">\n<figure class=\"wp-block-image size-full\"><img loading=\"lazy\" decoding=\"async\" width=\"640\" height=\"427\" src=\"https:\/\/andreatomicich.com\/wp-content\/uploads\/2023\/07\/IMG_2801.jpg\" alt=\"\" class=\"wp-image-1101\" srcset=\"https:\/\/andreatomicich.com\/wp-content\/uploads\/2023\/07\/IMG_2801.jpg 640w, https:\/\/andreatomicich.com\/wp-content\/uploads\/2023\/07\/IMG_2801-300x200.jpg 300w\" sizes=\"auto, (max-width: 640px) 100vw, 640px\" \/><\/figure>\n<\/div>\n<\/div>\n\n\n\n<div class=\"wp-block-columns is-layout-flex wp-container-core-columns-is-layout-28f84493 wp-block-columns-is-layout-flex\">\n<div class=\"wp-block-column is-layout-flow wp-block-column-is-layout-flow\">\n<figure class=\"wp-block-image aligncenter size-full\"><img loading=\"lazy\" decoding=\"async\" width=\"640\" height=\"422\" src=\"https:\/\/andreatomicich.com\/wp-content\/uploads\/2023\/07\/IMG_2872_01.jpg\" alt=\"\" class=\"wp-image-1102\" srcset=\"https:\/\/andreatomicich.com\/wp-content\/uploads\/2023\/07\/IMG_2872_01.jpg 640w, https:\/\/andreatomicich.com\/wp-content\/uploads\/2023\/07\/IMG_2872_01-300x198.jpg 300w\" sizes=\"auto, (max-width: 640px) 100vw, 640px\" \/><\/figure>\n<\/div>\n\n\n\n<div class=\"wp-block-column is-layout-flow wp-block-column-is-layout-flow\">\n<figure class=\"wp-block-image aligncenter size-full\"><img loading=\"lazy\" decoding=\"async\" width=\"640\" height=\"427\" src=\"https:\/\/andreatomicich.com\/wp-content\/uploads\/2023\/07\/IMG_2877.jpg\" alt=\"\" class=\"wp-image-1103\" srcset=\"https:\/\/andreatomicich.com\/wp-content\/uploads\/2023\/07\/IMG_2877.jpg 640w, https:\/\/andreatomicich.com\/wp-content\/uploads\/2023\/07\/IMG_2877-300x200.jpg 300w\" sizes=\"auto, (max-width: 640px) 100vw, 640px\" \/><\/figure>\n<\/div>\n<\/div>\n","protected":false},"excerpt":{"rendered":"<p>L&#8217;innaugurazione della mostra &#8220;What your eyes can see not&#8221; \u00e8 finalmente stata fatta. Sono molto felice, \u00e8 stato un momento di vera gioia vedere cos\u00ec tante persone tutte insieme per vedere la mostra. Solo nella serata dell&#8217;innaugurazione ci sono state pi\u00f9 di 90 persone, amici, parenti, conoscenti o solamente semplici curiosi. La fotografia ad infrarosso [&hellip;]<\/p>\n","protected":false},"author":1,"featured_media":1091,"comment_status":"closed","ping_status":"closed","sticky":false,"template":"","format":"standard","meta":{"site-sidebar-layout":"default","site-content-layout":"","ast-site-content-layout":"default","site-content-style":"default","site-sidebar-style":"default","ast-global-header-display":"","ast-banner-title-visibility":"","ast-main-header-display":"","ast-hfb-above-header-display":"","ast-hfb-below-header-display":"","ast-hfb-mobile-header-display":"","site-post-title":"","ast-breadcrumbs-content":"","ast-featured-img":"disabled","footer-sml-layout":"","ast-disable-related-posts":"","theme-transparent-header-meta":"","adv-header-id-meta":"","stick-header-meta":"","header-above-stick-meta":"","header-main-stick-meta":"","header-below-stick-meta":"","astra-migrate-meta-layouts":"default","ast-page-background-enabled":"default","ast-page-background-meta":{"desktop":{"background-color":"var(--ast-global-color-4)","background-image":"","background-repeat":"repeat","background-position":"center center","background-size":"auto","background-attachment":"scroll","background-type":"","background-media":"","overlay-type":"","overlay-color":"","overlay-opacity":"","overlay-gradient":""},"tablet":{"background-color":"","background-image":"","background-repeat":"repeat","background-position":"center center","background-size":"auto","background-attachment":"scroll","background-type":"","background-media":"","overlay-type":"","overlay-color":"","overlay-opacity":"","overlay-gradient":""},"mobile":{"background-color":"","background-image":"","background-repeat":"repeat","background-position":"center center","background-size":"auto","background-attachment":"scroll","background-type":"","background-media":"","overlay-type":"","overlay-color":"","overlay-opacity":"","overlay-gradient":""}},"ast-content-background-meta":{"desktop":{"background-color":"var(--ast-global-color-5)","background-image":"","background-repeat":"repeat","background-position":"center center","background-size":"auto","background-attachment":"scroll","background-type":"","background-media":"","overlay-type":"","overlay-color":"","overlay-opacity":"","overlay-gradient":""},"tablet":{"background-color":"var(--ast-global-color-5)","background-image":"","background-repeat":"repeat","background-position":"center center","background-size":"auto","background-attachment":"scroll","background-type":"","background-media":"","overlay-type":"","overlay-color":"","overlay-opacity":"","overlay-gradient":""},"mobile":{"background-color":"var(--ast-global-color-5)","background-image":"","background-repeat":"repeat","background-position":"center center","background-size":"auto","background-attachment":"scroll","background-type":"","background-media":"","overlay-type":"","overlay-color":"","overlay-opacity":"","overlay-gradient":""}},"footnotes":""},"categories":[27],"tags":[],"class_list":["post-1090","post","type-post","status-publish","format-standard","has-post-thumbnail","hentry","category-news"],"yoast_head":"<!-- This site is optimized with the Yoast SEO plugin v27.5 - https:\/\/yoast.com\/product\/yoast-seo-wordpress\/ -->\n<title>Innaugurazione Comune - Day 0 - Andrea Tomicich photography<\/title>\n<meta name=\"robots\" content=\"index, follow, max-snippet:-1, max-image-preview:large, max-video-preview:-1\" \/>\n<link rel=\"canonical\" href=\"https:\/\/andreatomicich.com\/index.php\/2023\/03\/22\/innaugurazione-comune-day-0\/\" \/>\n<meta property=\"og:locale\" content=\"en_US\" \/>\n<meta property=\"og:type\" content=\"article\" \/>\n<meta property=\"og:title\" content=\"Innaugurazione Comune - Day 0 - Andrea Tomicich photography\" \/>\n<meta property=\"og:description\" content=\"L&#8217;innaugurazione della mostra &#8220;What your eyes can see not&#8221; \u00e8 finalmente stata fatta. Sono molto felice, \u00e8 stato un momento di vera gioia vedere cos\u00ec tante persone tutte insieme per vedere la mostra. Solo nella serata dell&#8217;innaugurazione ci sono state pi\u00f9 di 90 persone, amici, parenti, conoscenti o solamente semplici curiosi. La fotografia ad infrarosso [&hellip;]\" \/>\n<meta property=\"og:url\" content=\"https:\/\/andreatomicich.com\/index.php\/2023\/03\/22\/innaugurazione-comune-day-0\/\" \/>\n<meta property=\"og:site_name\" content=\"Andrea Tomicich photography\" \/>\n<meta property=\"article:published_time\" content=\"2023-03-22T19:27:00+00:00\" \/>\n<meta property=\"article:modified_time\" content=\"2023-07-05T19:28:13+00:00\" \/>\n<meta property=\"og:image\" content=\"https:\/\/andreatomicich.com\/wp-content\/uploads\/2023\/07\/IMG_2901.jpg\" \/>\n\t<meta property=\"og:image:width\" content=\"640\" \/>\n\t<meta property=\"og:image:height\" content=\"425\" \/>\n\t<meta property=\"og:image:type\" content=\"image\/jpeg\" \/>\n<meta name=\"author\" content=\"AdMiN9998\" \/>\n<meta name=\"twitter:card\" content=\"summary_large_image\" \/>\n<meta name=\"twitter:label1\" content=\"Written by\" \/>\n\t<meta name=\"twitter:data1\" content=\"AdMiN9998\" \/>\n\t<meta name=\"twitter:label2\" content=\"Est. reading time\" \/>\n\t<meta name=\"twitter:data2\" content=\"3 minutes\" \/>\n<script type=\"application\/ld+json\" class=\"yoast-schema-graph\">{\"@context\":\"https:\\\/\\\/schema.org\",\"@graph\":[{\"@type\":\"Article\",\"@id\":\"https:\\\/\\\/andreatomicich.com\\\/index.php\\\/2023\\\/03\\\/22\\\/innaugurazione-comune-day-0\\\/#article\",\"isPartOf\":{\"@id\":\"https:\\\/\\\/andreatomicich.com\\\/index.php\\\/2023\\\/03\\\/22\\\/innaugurazione-comune-day-0\\\/\"},\"author\":{\"name\":\"AdMiN9998\",\"@id\":\"https:\\\/\\\/andreatomicich.com\\\/#\\\/schema\\\/person\\\/498b7e9a035e820bb132541f8079f81b\"},\"headline\":\"Innaugurazione Comune &#8211; Day 0\",\"datePublished\":\"2023-03-22T19:27:00+00:00\",\"dateModified\":\"2023-07-05T19:28:13+00:00\",\"mainEntityOfPage\":{\"@id\":\"https:\\\/\\\/andreatomicich.com\\\/index.php\\\/2023\\\/03\\\/22\\\/innaugurazione-comune-day-0\\\/\"},\"wordCount\":89,\"publisher\":{\"@id\":\"https:\\\/\\\/andreatomicich.com\\\/#\\\/schema\\\/person\\\/498b7e9a035e820bb132541f8079f81b\"},\"image\":{\"@id\":\"https:\\\/\\\/andreatomicich.com\\\/index.php\\\/2023\\\/03\\\/22\\\/innaugurazione-comune-day-0\\\/#primaryimage\"},\"thumbnailUrl\":\"https:\\\/\\\/andreatomicich.com\\\/wp-content\\\/uploads\\\/2023\\\/07\\\/IMG_2901.jpg\",\"articleSection\":[\"News\"],\"inLanguage\":\"en-US\"},{\"@type\":\"WebPage\",\"@id\":\"https:\\\/\\\/andreatomicich.com\\\/index.php\\\/2023\\\/03\\\/22\\\/innaugurazione-comune-day-0\\\/\",\"url\":\"https:\\\/\\\/andreatomicich.com\\\/index.php\\\/2023\\\/03\\\/22\\\/innaugurazione-comune-day-0\\\/\",\"name\":\"Innaugurazione Comune - Day 0 - Andrea Tomicich photography\",\"isPartOf\":{\"@id\":\"https:\\\/\\\/andreatomicich.com\\\/#website\"},\"primaryImageOfPage\":{\"@id\":\"https:\\\/\\\/andreatomicich.com\\\/index.php\\\/2023\\\/03\\\/22\\\/innaugurazione-comune-day-0\\\/#primaryimage\"},\"image\":{\"@id\":\"https:\\\/\\\/andreatomicich.com\\\/index.php\\\/2023\\\/03\\\/22\\\/innaugurazione-comune-day-0\\\/#primaryimage\"},\"thumbnailUrl\":\"https:\\\/\\\/andreatomicich.com\\\/wp-content\\\/uploads\\\/2023\\\/07\\\/IMG_2901.jpg\",\"datePublished\":\"2023-03-22T19:27:00+00:00\",\"dateModified\":\"2023-07-05T19:28:13+00:00\",\"breadcrumb\":{\"@id\":\"https:\\\/\\\/andreatomicich.com\\\/index.php\\\/2023\\\/03\\\/22\\\/innaugurazione-comune-day-0\\\/#breadcrumb\"},\"inLanguage\":\"en-US\",\"potentialAction\":[{\"@type\":\"ReadAction\",\"target\":[\"https:\\\/\\\/andreatomicich.com\\\/index.php\\\/2023\\\/03\\\/22\\\/innaugurazione-comune-day-0\\\/\"]}]},{\"@type\":\"ImageObject\",\"inLanguage\":\"en-US\",\"@id\":\"https:\\\/\\\/andreatomicich.com\\\/index.php\\\/2023\\\/03\\\/22\\\/innaugurazione-comune-day-0\\\/#primaryimage\",\"url\":\"https:\\\/\\\/andreatomicich.com\\\/wp-content\\\/uploads\\\/2023\\\/07\\\/IMG_2901.jpg\",\"contentUrl\":\"https:\\\/\\\/andreatomicich.com\\\/wp-content\\\/uploads\\\/2023\\\/07\\\/IMG_2901.jpg\",\"width\":640,\"height\":425},{\"@type\":\"BreadcrumbList\",\"@id\":\"https:\\\/\\\/andreatomicich.com\\\/index.php\\\/2023\\\/03\\\/22\\\/innaugurazione-comune-day-0\\\/#breadcrumb\",\"itemListElement\":[{\"@type\":\"ListItem\",\"position\":1,\"name\":\"Home\",\"item\":\"https:\\\/\\\/andreatomicich.com\\\/\"},{\"@type\":\"ListItem\",\"position\":2,\"name\":\"Innaugurazione Comune &#8211; Day 0\"}]},{\"@type\":\"WebSite\",\"@id\":\"https:\\\/\\\/andreatomicich.com\\\/#website\",\"url\":\"https:\\\/\\\/andreatomicich.com\\\/\",\"name\":\"Andrea Tomicich photography\",\"description\":\"Dalla realt\u00e0 all&#039;arte: il potere della fotografia infrarossa\",\"publisher\":{\"@id\":\"https:\\\/\\\/andreatomicich.com\\\/#\\\/schema\\\/person\\\/498b7e9a035e820bb132541f8079f81b\"},\"alternateName\":\"Scatti che trasformano il normale in straordinario: fotografia artistica e infrarossa\",\"potentialAction\":[{\"@type\":\"SearchAction\",\"target\":{\"@type\":\"EntryPoint\",\"urlTemplate\":\"https:\\\/\\\/andreatomicich.com\\\/?s={search_term_string}\"},\"query-input\":{\"@type\":\"PropertyValueSpecification\",\"valueRequired\":true,\"valueName\":\"search_term_string\"}}],\"inLanguage\":\"en-US\"},{\"@type\":[\"Person\",\"Organization\"],\"@id\":\"https:\\\/\\\/andreatomicich.com\\\/#\\\/schema\\\/person\\\/498b7e9a035e820bb132541f8079f81b\",\"name\":\"AdMiN9998\",\"image\":{\"@type\":\"ImageObject\",\"inLanguage\":\"en-US\",\"@id\":\"https:\\\/\\\/andreatomicich.com\\\/wp-content\\\/uploads\\\/2022\\\/09\\\/AT_full_500px_Black.png\",\"url\":\"https:\\\/\\\/andreatomicich.com\\\/wp-content\\\/uploads\\\/2022\\\/09\\\/AT_full_500px_Black.png\",\"contentUrl\":\"https:\\\/\\\/andreatomicich.com\\\/wp-content\\\/uploads\\\/2022\\\/09\\\/AT_full_500px_Black.png\",\"width\":500,\"height\":127,\"caption\":\"AdMiN9998\"},\"logo\":{\"@id\":\"https:\\\/\\\/andreatomicich.com\\\/wp-content\\\/uploads\\\/2022\\\/09\\\/AT_full_500px_Black.png\"},\"sameAs\":[\"https:\\\/\\\/andreatomicich.com\"],\"url\":\"https:\\\/\\\/andreatomicich.com\\\/index.php\\\/author\\\/admin9998\\\/\"}]}<\/script>\n<!-- \/ Yoast SEO plugin. -->","yoast_head_json":{"title":"Innaugurazione Comune - Day 0 - Andrea Tomicich photography","robots":{"index":"index","follow":"follow","max-snippet":"max-snippet:-1","max-image-preview":"max-image-preview:large","max-video-preview":"max-video-preview:-1"},"canonical":"https:\/\/andreatomicich.com\/index.php\/2023\/03\/22\/innaugurazione-comune-day-0\/","og_locale":"en_US","og_type":"article","og_title":"Innaugurazione Comune - Day 0 - Andrea Tomicich photography","og_description":"L&#8217;innaugurazione della mostra &#8220;What your eyes can see not&#8221; \u00e8 finalmente stata fatta. Sono molto felice, \u00e8 stato un momento di vera gioia vedere cos\u00ec tante persone tutte insieme per vedere la mostra. Solo nella serata dell&#8217;innaugurazione ci sono state pi\u00f9 di 90 persone, amici, parenti, conoscenti o solamente semplici curiosi. La fotografia ad infrarosso [&hellip;]","og_url":"https:\/\/andreatomicich.com\/index.php\/2023\/03\/22\/innaugurazione-comune-day-0\/","og_site_name":"Andrea Tomicich photography","article_published_time":"2023-03-22T19:27:00+00:00","article_modified_time":"2023-07-05T19:28:13+00:00","og_image":[{"width":640,"height":425,"url":"https:\/\/andreatomicich.com\/wp-content\/uploads\/2023\/07\/IMG_2901.jpg","type":"image\/jpeg"}],"author":"AdMiN9998","twitter_card":"summary_large_image","twitter_misc":{"Written by":"AdMiN9998","Est. reading time":"3 minutes"},"schema":{"@context":"https:\/\/schema.org","@graph":[{"@type":"Article","@id":"https:\/\/andreatomicich.com\/index.php\/2023\/03\/22\/innaugurazione-comune-day-0\/#article","isPartOf":{"@id":"https:\/\/andreatomicich.com\/index.php\/2023\/03\/22\/innaugurazione-comune-day-0\/"},"author":{"name":"AdMiN9998","@id":"https:\/\/andreatomicich.com\/#\/schema\/person\/498b7e9a035e820bb132541f8079f81b"},"headline":"Innaugurazione Comune &#8211; Day 0","datePublished":"2023-03-22T19:27:00+00:00","dateModified":"2023-07-05T19:28:13+00:00","mainEntityOfPage":{"@id":"https:\/\/andreatomicich.com\/index.php\/2023\/03\/22\/innaugurazione-comune-day-0\/"},"wordCount":89,"publisher":{"@id":"https:\/\/andreatomicich.com\/#\/schema\/person\/498b7e9a035e820bb132541f8079f81b"},"image":{"@id":"https:\/\/andreatomicich.com\/index.php\/2023\/03\/22\/innaugurazione-comune-day-0\/#primaryimage"},"thumbnailUrl":"https:\/\/andreatomicich.com\/wp-content\/uploads\/2023\/07\/IMG_2901.jpg","articleSection":["News"],"inLanguage":"en-US"},{"@type":"WebPage","@id":"https:\/\/andreatomicich.com\/index.php\/2023\/03\/22\/innaugurazione-comune-day-0\/","url":"https:\/\/andreatomicich.com\/index.php\/2023\/03\/22\/innaugurazione-comune-day-0\/","name":"Innaugurazione Comune - Day 0 - Andrea Tomicich photography","isPartOf":{"@id":"https:\/\/andreatomicich.com\/#website"},"primaryImageOfPage":{"@id":"https:\/\/andreatomicich.com\/index.php\/2023\/03\/22\/innaugurazione-comune-day-0\/#primaryimage"},"image":{"@id":"https:\/\/andreatomicich.com\/index.php\/2023\/03\/22\/innaugurazione-comune-day-0\/#primaryimage"},"thumbnailUrl":"https:\/\/andreatomicich.com\/wp-content\/uploads\/2023\/07\/IMG_2901.jpg","datePublished":"2023-03-22T19:27:00+00:00","dateModified":"2023-07-05T19:28:13+00:00","breadcrumb":{"@id":"https:\/\/andreatomicich.com\/index.php\/2023\/03\/22\/innaugurazione-comune-day-0\/#breadcrumb"},"inLanguage":"en-US","potentialAction":[{"@type":"ReadAction","target":["https:\/\/andreatomicich.com\/index.php\/2023\/03\/22\/innaugurazione-comune-day-0\/"]}]},{"@type":"ImageObject","inLanguage":"en-US","@id":"https:\/\/andreatomicich.com\/index.php\/2023\/03\/22\/innaugurazione-comune-day-0\/#primaryimage","url":"https:\/\/andreatomicich.com\/wp-content\/uploads\/2023\/07\/IMG_2901.jpg","contentUrl":"https:\/\/andreatomicich.com\/wp-content\/uploads\/2023\/07\/IMG_2901.jpg","width":640,"height":425},{"@type":"BreadcrumbList","@id":"https:\/\/andreatomicich.com\/index.php\/2023\/03\/22\/innaugurazione-comune-day-0\/#breadcrumb","itemListElement":[{"@type":"ListItem","position":1,"name":"Home","item":"https:\/\/andreatomicich.com\/"},{"@type":"ListItem","position":2,"name":"Innaugurazione Comune &#8211; Day 0"}]},{"@type":"WebSite","@id":"https:\/\/andreatomicich.com\/#website","url":"https:\/\/andreatomicich.com\/","name":"Andrea Tomicich photography","description":"Dalla realt\u00e0 all&#039;arte: il potere della fotografia infrarossa","publisher":{"@id":"https:\/\/andreatomicich.com\/#\/schema\/person\/498b7e9a035e820bb132541f8079f81b"},"alternateName":"Scatti che trasformano il normale in straordinario: fotografia artistica e infrarossa","potentialAction":[{"@type":"SearchAction","target":{"@type":"EntryPoint","urlTemplate":"https:\/\/andreatomicich.com\/?s={search_term_string}"},"query-input":{"@type":"PropertyValueSpecification","valueRequired":true,"valueName":"search_term_string"}}],"inLanguage":"en-US"},{"@type":["Person","Organization"],"@id":"https:\/\/andreatomicich.com\/#\/schema\/person\/498b7e9a035e820bb132541f8079f81b","name":"AdMiN9998","image":{"@type":"ImageObject","inLanguage":"en-US","@id":"https:\/\/andreatomicich.com\/wp-content\/uploads\/2022\/09\/AT_full_500px_Black.png","url":"https:\/\/andreatomicich.com\/wp-content\/uploads\/2022\/09\/AT_full_500px_Black.png","contentUrl":"https:\/\/andreatomicich.com\/wp-content\/uploads\/2022\/09\/AT_full_500px_Black.png","width":500,"height":127,"caption":"AdMiN9998"},"logo":{"@id":"https:\/\/andreatomicich.com\/wp-content\/uploads\/2022\/09\/AT_full_500px_Black.png"},"sameAs":["https:\/\/andreatomicich.com"],"url":"https:\/\/andreatomicich.com\/index.php\/author\/admin9998\/"}]}},"builder_content":"","_links":{"self":[{"href":"https:\/\/andreatomicich.com\/index.php\/wp-json\/wp\/v2\/posts\/1090","targetHints":{"allow":["GET"]}}],"collection":[{"href":"https:\/\/andreatomicich.com\/index.php\/wp-json\/wp\/v2\/posts"}],"about":[{"href":"https:\/\/andreatomicich.com\/index.php\/wp-json\/wp\/v2\/types\/post"}],"author":[{"embeddable":true,"href":"https:\/\/andreatomicich.com\/index.php\/wp-json\/wp\/v2\/users\/1"}],"replies":[{"embeddable":true,"href":"https:\/\/andreatomicich.com\/index.php\/wp-json\/wp\/v2\/comments?post=1090"}],"version-history":[{"count":2,"href":"https:\/\/andreatomicich.com\/index.php\/wp-json\/wp\/v2\/posts\/1090\/revisions"}],"predecessor-version":[{"id":1105,"href":"https:\/\/andreatomicich.com\/index.php\/wp-json\/wp\/v2\/posts\/1090\/revisions\/1105"}],"wp:featuredmedia":[{"embeddable":true,"href":"https:\/\/andreatomicich.com\/index.php\/wp-json\/wp\/v2\/media\/1091"}],"wp:attachment":[{"href":"https:\/\/andreatomicich.com\/index.php\/wp-json\/wp\/v2\/media?parent=1090"}],"wp:term":[{"taxonomy":"category","embeddable":true,"href":"https:\/\/andreatomicich.com\/index.php\/wp-json\/wp\/v2\/categories?post=1090"},{"taxonomy":"post_tag","embeddable":true,"href":"https:\/\/andreatomicich.com\/index.php\/wp-json\/wp\/v2\/tags?post=1090"}],"curies":[{"name":"wp","href":"https:\/\/api.w.org\/{rel}","templated":true}]}}