{"id":1125,"date":"2023-08-10T15:25:47","date_gmt":"2023-08-10T15:25:47","guid":{"rendered":"https:\/\/andreatomicich.com\/?p=1125"},"modified":"2023-09-04T15:35:50","modified_gmt":"2023-09-04T15:35:50","slug":"bottega_500","status":"publish","type":"post","link":"https:\/\/andreatomicich.com\/index.php\/2023\/08\/10\/bottega_500\/","title":{"rendered":"Bottega &#8216;500"},"content":{"rendered":"\n<p class=\"has-text-align-center has-large-font-size\"><strong><em>New York: L&#8217;evento si avvicina velocemente<\/em><\/strong><\/p>\n\n\n\n<figure class=\"wp-block-image aligncenter size-large\"><img loading=\"lazy\" decoding=\"async\" width=\"1024\" height=\"723\" src=\"https:\/\/andreatomicich.com\/wp-content\/uploads\/2023\/08\/VernissageNY-1024x723.jpeg\" alt=\"\" class=\"wp-image-1126\" srcset=\"https:\/\/andreatomicich.com\/wp-content\/uploads\/2023\/08\/VernissageNY-1024x723.jpeg 1024w, https:\/\/andreatomicich.com\/wp-content\/uploads\/2023\/08\/VernissageNY-300x212.jpeg 300w, https:\/\/andreatomicich.com\/wp-content\/uploads\/2023\/08\/VernissageNY-768x542.jpeg 768w, https:\/\/andreatomicich.com\/wp-content\/uploads\/2023\/08\/VernissageNY-1536x1085.jpeg 1536w, https:\/\/andreatomicich.com\/wp-content\/uploads\/2023\/08\/VernissageNY.jpeg 1600w\" sizes=\"auto, (max-width: 1024px) 100vw, 1024px\" \/><\/figure>\n\n\n\n<p><\/p>\n\n\n\n<p>Si avvicina sempre pi\u00f9 velocemente la mostra che si terr\u00e0 a New York City dove verranno esposte le fotografie del progetto &#8220;what you see not&#8221;. <\/p>\n\n\n\n<p>Manca meno di un mese ma l&#8217;emozione sale dato che le informazioni sull&#8217;evento e sulla presentazione cominciano a prendere forma e sostanza. <\/p>\n\n\n\n<p>A rendere il tutto ancora pi\u00f9 eccitante sar\u00e0 la presenza di personaggi illustri ad innaugurare la mostra come il Sindaco di New York ed altre personalit\u00e0.<\/p>\n\n\n\n<p>Sono veramente felice di esser riuscito a raggiungere un traguardo cos\u00ec importante e di cos\u00ec alto livello. A breve ci saranno altre novit\u00e0!<\/p>\n","protected":false},"excerpt":{"rendered":"<p>New York: L&#8217;evento si avvicina velocemente Si avvicina sempre pi\u00f9 velocemente la mostra che si terr\u00e0 a New York City dove verranno esposte le fotografie del progetto &#8220;what you see not&#8221;. Manca meno di un mese ma l&#8217;emozione sale dato che le informazioni sull&#8217;evento e sulla presentazione cominciano a prendere forma e sostanza. A rendere [&hellip;]<\/p>\n","protected":false},"author":1,"featured_media":1126,"comment_status":"closed","ping_status":"closed","sticky":false,"template":"","format":"standard","meta":{"site-sidebar-layout":"default","site-content-layout":"","ast-site-content-layout":"default","site-content-style":"default","site-sidebar-style":"default","ast-global-header-display":"","ast-banner-title-visibility":"","ast-main-header-display":"","ast-hfb-above-header-display":"","ast-hfb-below-header-display":"","ast-hfb-mobile-header-display":"","site-post-title":"","ast-breadcrumbs-content":"","ast-featured-img":"disabled","footer-sml-layout":"","ast-disable-related-posts":"","theme-transparent-header-meta":"","adv-header-id-meta":"","stick-header-meta":"","header-above-stick-meta":"","header-main-stick-meta":"","header-below-stick-meta":"","astra-migrate-meta-layouts":"set","ast-page-background-enabled":"default","ast-page-background-meta":{"desktop":{"background-color":"var(--ast-global-color-4)","background-image":"","background-repeat":"repeat","background-position":"center center","background-size":"auto","background-attachment":"scroll","background-type":"","background-media":"","overlay-type":"","overlay-color":"","overlay-opacity":"","overlay-gradient":""},"tablet":{"background-color":"","background-image":"","background-repeat":"repeat","background-position":"center center","background-size":"auto","background-attachment":"scroll","background-type":"","background-media":"","overlay-type":"","overlay-color":"","overlay-opacity":"","overlay-gradient":""},"mobile":{"background-color":"","background-image":"","background-repeat":"repeat","background-position":"center center","background-size":"auto","background-attachment":"scroll","background-type":"","background-media":"","overlay-type":"","overlay-color":"","overlay-opacity":"","overlay-gradient":""}},"ast-content-background-meta":{"desktop":{"background-color":"var(--ast-global-color-5)","background-image":"","background-repeat":"repeat","background-position":"center center","background-size":"auto","background-attachment":"scroll","background-type":"","background-media":"","overlay-type":"","overlay-color":"","overlay-opacity":"","overlay-gradient":""},"tablet":{"background-color":"var(--ast-global-color-5)","background-image":"","background-repeat":"repeat","background-position":"center center","background-size":"auto","background-attachment":"scroll","background-type":"","background-media":"","overlay-type":"","overlay-color":"","overlay-opacity":"","overlay-gradient":""},"mobile":{"background-color":"var(--ast-global-color-5)","background-image":"","background-repeat":"repeat","background-position":"center center","background-size":"auto","background-attachment":"scroll","background-type":"","background-media":"","overlay-type":"","overlay-color":"","overlay-opacity":"","overlay-gradient":""}},"footnotes":""},"categories":[27],"tags":[],"class_list":["post-1125","post","type-post","status-publish","format-standard","has-post-thumbnail","hentry","category-news"],"yoast_head":"<!-- This site is optimized with the Yoast SEO plugin v27.5 - https:\/\/yoast.com\/product\/yoast-seo-wordpress\/ -->\n<title>Bottega &#039;500 - Andrea Tomicich photography<\/title>\n<meta name=\"robots\" content=\"index, follow, max-snippet:-1, max-image-preview:large, max-video-preview:-1\" \/>\n<link rel=\"canonical\" href=\"https:\/\/andreatomicich.com\/index.php\/2023\/08\/10\/bottega_500\/\" \/>\n<meta property=\"og:locale\" content=\"en_US\" \/>\n<meta property=\"og:type\" content=\"article\" \/>\n<meta property=\"og:title\" content=\"Bottega &#039;500 - Andrea Tomicich photography\" \/>\n<meta property=\"og:description\" content=\"New York: L&#8217;evento si avvicina velocemente Si avvicina sempre pi\u00f9 velocemente la mostra che si terr\u00e0 a New York City dove verranno esposte le fotografie del progetto &#8220;what you see not&#8221;. Manca meno di un mese ma l&#8217;emozione sale dato che le informazioni sull&#8217;evento e sulla presentazione cominciano a prendere forma e sostanza. A rendere [&hellip;]\" \/>\n<meta property=\"og:url\" content=\"https:\/\/andreatomicich.com\/index.php\/2023\/08\/10\/bottega_500\/\" \/>\n<meta property=\"og:site_name\" content=\"Andrea Tomicich photography\" \/>\n<meta property=\"article:published_time\" content=\"2023-08-10T15:25:47+00:00\" \/>\n<meta property=\"article:modified_time\" content=\"2023-09-04T15:35:50+00:00\" \/>\n<meta property=\"og:image\" content=\"https:\/\/andreatomicich.com\/wp-content\/uploads\/2023\/08\/VernissageNY.jpeg\" \/>\n\t<meta property=\"og:image:width\" content=\"1600\" \/>\n\t<meta property=\"og:image:height\" content=\"1130\" \/>\n\t<meta property=\"og:image:type\" content=\"image\/jpeg\" \/>\n<meta name=\"author\" content=\"AdMiN9998\" \/>\n<meta name=\"twitter:card\" content=\"summary_large_image\" \/>\n<meta name=\"twitter:label1\" content=\"Written by\" \/>\n\t<meta name=\"twitter:data1\" content=\"AdMiN9998\" \/>\n\t<meta name=\"twitter:label2\" content=\"Est. reading time\" \/>\n\t<meta name=\"twitter:data2\" content=\"1 minute\" \/>\n<script type=\"application\/ld+json\" class=\"yoast-schema-graph\">{\"@context\":\"https:\\\/\\\/schema.org\",\"@graph\":[{\"@type\":\"Article\",\"@id\":\"https:\\\/\\\/andreatomicich.com\\\/index.php\\\/2023\\\/08\\\/10\\\/bottega_500\\\/#article\",\"isPartOf\":{\"@id\":\"https:\\\/\\\/andreatomicich.com\\\/index.php\\\/2023\\\/08\\\/10\\\/bottega_500\\\/\"},\"author\":{\"name\":\"AdMiN9998\",\"@id\":\"https:\\\/\\\/andreatomicich.com\\\/#\\\/schema\\\/person\\\/498b7e9a035e820bb132541f8079f81b\"},\"headline\":\"Bottega &#8216;500\",\"datePublished\":\"2023-08-10T15:25:47+00:00\",\"dateModified\":\"2023-09-04T15:35:50+00:00\",\"mainEntityOfPage\":{\"@id\":\"https:\\\/\\\/andreatomicich.com\\\/index.php\\\/2023\\\/08\\\/10\\\/bottega_500\\\/\"},\"wordCount\":106,\"publisher\":{\"@id\":\"https:\\\/\\\/andreatomicich.com\\\/#\\\/schema\\\/person\\\/498b7e9a035e820bb132541f8079f81b\"},\"image\":{\"@id\":\"https:\\\/\\\/andreatomicich.com\\\/index.php\\\/2023\\\/08\\\/10\\\/bottega_500\\\/#primaryimage\"},\"thumbnailUrl\":\"https:\\\/\\\/andreatomicich.com\\\/wp-content\\\/uploads\\\/2023\\\/08\\\/VernissageNY.jpeg\",\"articleSection\":[\"News\"],\"inLanguage\":\"en-US\"},{\"@type\":\"WebPage\",\"@id\":\"https:\\\/\\\/andreatomicich.com\\\/index.php\\\/2023\\\/08\\\/10\\\/bottega_500\\\/\",\"url\":\"https:\\\/\\\/andreatomicich.com\\\/index.php\\\/2023\\\/08\\\/10\\\/bottega_500\\\/\",\"name\":\"Bottega '500 - Andrea Tomicich photography\",\"isPartOf\":{\"@id\":\"https:\\\/\\\/andreatomicich.com\\\/#website\"},\"primaryImageOfPage\":{\"@id\":\"https:\\\/\\\/andreatomicich.com\\\/index.php\\\/2023\\\/08\\\/10\\\/bottega_500\\\/#primaryimage\"},\"image\":{\"@id\":\"https:\\\/\\\/andreatomicich.com\\\/index.php\\\/2023\\\/08\\\/10\\\/bottega_500\\\/#primaryimage\"},\"thumbnailUrl\":\"https:\\\/\\\/andreatomicich.com\\\/wp-content\\\/uploads\\\/2023\\\/08\\\/VernissageNY.jpeg\",\"datePublished\":\"2023-08-10T15:25:47+00:00\",\"dateModified\":\"2023-09-04T15:35:50+00:00\",\"breadcrumb\":{\"@id\":\"https:\\\/\\\/andreatomicich.com\\\/index.php\\\/2023\\\/08\\\/10\\\/bottega_500\\\/#breadcrumb\"},\"inLanguage\":\"en-US\",\"potentialAction\":[{\"@type\":\"ReadAction\",\"target\":[\"https:\\\/\\\/andreatomicich.com\\\/index.php\\\/2023\\\/08\\\/10\\\/bottega_500\\\/\"]}]},{\"@type\":\"ImageObject\",\"inLanguage\":\"en-US\",\"@id\":\"https:\\\/\\\/andreatomicich.com\\\/index.php\\\/2023\\\/08\\\/10\\\/bottega_500\\\/#primaryimage\",\"url\":\"https:\\\/\\\/andreatomicich.com\\\/wp-content\\\/uploads\\\/2023\\\/08\\\/VernissageNY.jpeg\",\"contentUrl\":\"https:\\\/\\\/andreatomicich.com\\\/wp-content\\\/uploads\\\/2023\\\/08\\\/VernissageNY.jpeg\",\"width\":1600,\"height\":1130},{\"@type\":\"BreadcrumbList\",\"@id\":\"https:\\\/\\\/andreatomicich.com\\\/index.php\\\/2023\\\/08\\\/10\\\/bottega_500\\\/#breadcrumb\",\"itemListElement\":[{\"@type\":\"ListItem\",\"position\":1,\"name\":\"Home\",\"item\":\"https:\\\/\\\/andreatomicich.com\\\/\"},{\"@type\":\"ListItem\",\"position\":2,\"name\":\"Bottega &#8216;500\"}]},{\"@type\":\"WebSite\",\"@id\":\"https:\\\/\\\/andreatomicich.com\\\/#website\",\"url\":\"https:\\\/\\\/andreatomicich.com\\\/\",\"name\":\"Andrea Tomicich photography\",\"description\":\"Dalla realt\u00e0 all&#039;arte: il potere della fotografia infrarossa\",\"publisher\":{\"@id\":\"https:\\\/\\\/andreatomicich.com\\\/#\\\/schema\\\/person\\\/498b7e9a035e820bb132541f8079f81b\"},\"alternateName\":\"Scatti che trasformano il normale in straordinario: fotografia artistica e infrarossa\",\"potentialAction\":[{\"@type\":\"SearchAction\",\"target\":{\"@type\":\"EntryPoint\",\"urlTemplate\":\"https:\\\/\\\/andreatomicich.com\\\/?s={search_term_string}\"},\"query-input\":{\"@type\":\"PropertyValueSpecification\",\"valueRequired\":true,\"valueName\":\"search_term_string\"}}],\"inLanguage\":\"en-US\"},{\"@type\":[\"Person\",\"Organization\"],\"@id\":\"https:\\\/\\\/andreatomicich.com\\\/#\\\/schema\\\/person\\\/498b7e9a035e820bb132541f8079f81b\",\"name\":\"AdMiN9998\",\"image\":{\"@type\":\"ImageObject\",\"inLanguage\":\"en-US\",\"@id\":\"https:\\\/\\\/andreatomicich.com\\\/wp-content\\\/uploads\\\/2022\\\/09\\\/AT_full_500px_Black.png\",\"url\":\"https:\\\/\\\/andreatomicich.com\\\/wp-content\\\/uploads\\\/2022\\\/09\\\/AT_full_500px_Black.png\",\"contentUrl\":\"https:\\\/\\\/andreatomicich.com\\\/wp-content\\\/uploads\\\/2022\\\/09\\\/AT_full_500px_Black.png\",\"width\":500,\"height\":127,\"caption\":\"AdMiN9998\"},\"logo\":{\"@id\":\"https:\\\/\\\/andreatomicich.com\\\/wp-content\\\/uploads\\\/2022\\\/09\\\/AT_full_500px_Black.png\"},\"sameAs\":[\"https:\\\/\\\/andreatomicich.com\"],\"url\":\"https:\\\/\\\/andreatomicich.com\\\/index.php\\\/author\\\/admin9998\\\/\"}]}<\/script>\n<!-- \/ Yoast SEO plugin. -->","yoast_head_json":{"title":"Bottega '500 - Andrea Tomicich photography","robots":{"index":"index","follow":"follow","max-snippet":"max-snippet:-1","max-image-preview":"max-image-preview:large","max-video-preview":"max-video-preview:-1"},"canonical":"https:\/\/andreatomicich.com\/index.php\/2023\/08\/10\/bottega_500\/","og_locale":"en_US","og_type":"article","og_title":"Bottega '500 - Andrea Tomicich photography","og_description":"New York: L&#8217;evento si avvicina velocemente Si avvicina sempre pi\u00f9 velocemente la mostra che si terr\u00e0 a New York City dove verranno esposte le fotografie del progetto &#8220;what you see not&#8221;. Manca meno di un mese ma l&#8217;emozione sale dato che le informazioni sull&#8217;evento e sulla presentazione cominciano a prendere forma e sostanza. A rendere [&hellip;]","og_url":"https:\/\/andreatomicich.com\/index.php\/2023\/08\/10\/bottega_500\/","og_site_name":"Andrea Tomicich photography","article_published_time":"2023-08-10T15:25:47+00:00","article_modified_time":"2023-09-04T15:35:50+00:00","og_image":[{"width":1600,"height":1130,"url":"https:\/\/andreatomicich.com\/wp-content\/uploads\/2023\/08\/VernissageNY.jpeg","type":"image\/jpeg"}],"author":"AdMiN9998","twitter_card":"summary_large_image","twitter_misc":{"Written by":"AdMiN9998","Est. reading time":"1 minute"},"schema":{"@context":"https:\/\/schema.org","@graph":[{"@type":"Article","@id":"https:\/\/andreatomicich.com\/index.php\/2023\/08\/10\/bottega_500\/#article","isPartOf":{"@id":"https:\/\/andreatomicich.com\/index.php\/2023\/08\/10\/bottega_500\/"},"author":{"name":"AdMiN9998","@id":"https:\/\/andreatomicich.com\/#\/schema\/person\/498b7e9a035e820bb132541f8079f81b"},"headline":"Bottega &#8216;500","datePublished":"2023-08-10T15:25:47+00:00","dateModified":"2023-09-04T15:35:50+00:00","mainEntityOfPage":{"@id":"https:\/\/andreatomicich.com\/index.php\/2023\/08\/10\/bottega_500\/"},"wordCount":106,"publisher":{"@id":"https:\/\/andreatomicich.com\/#\/schema\/person\/498b7e9a035e820bb132541f8079f81b"},"image":{"@id":"https:\/\/andreatomicich.com\/index.php\/2023\/08\/10\/bottega_500\/#primaryimage"},"thumbnailUrl":"https:\/\/andreatomicich.com\/wp-content\/uploads\/2023\/08\/VernissageNY.jpeg","articleSection":["News"],"inLanguage":"en-US"},{"@type":"WebPage","@id":"https:\/\/andreatomicich.com\/index.php\/2023\/08\/10\/bottega_500\/","url":"https:\/\/andreatomicich.com\/index.php\/2023\/08\/10\/bottega_500\/","name":"Bottega '500 - Andrea Tomicich photography","isPartOf":{"@id":"https:\/\/andreatomicich.com\/#website"},"primaryImageOfPage":{"@id":"https:\/\/andreatomicich.com\/index.php\/2023\/08\/10\/bottega_500\/#primaryimage"},"image":{"@id":"https:\/\/andreatomicich.com\/index.php\/2023\/08\/10\/bottega_500\/#primaryimage"},"thumbnailUrl":"https:\/\/andreatomicich.com\/wp-content\/uploads\/2023\/08\/VernissageNY.jpeg","datePublished":"2023-08-10T15:25:47+00:00","dateModified":"2023-09-04T15:35:50+00:00","breadcrumb":{"@id":"https:\/\/andreatomicich.com\/index.php\/2023\/08\/10\/bottega_500\/#breadcrumb"},"inLanguage":"en-US","potentialAction":[{"@type":"ReadAction","target":["https:\/\/andreatomicich.com\/index.php\/2023\/08\/10\/bottega_500\/"]}]},{"@type":"ImageObject","inLanguage":"en-US","@id":"https:\/\/andreatomicich.com\/index.php\/2023\/08\/10\/bottega_500\/#primaryimage","url":"https:\/\/andreatomicich.com\/wp-content\/uploads\/2023\/08\/VernissageNY.jpeg","contentUrl":"https:\/\/andreatomicich.com\/wp-content\/uploads\/2023\/08\/VernissageNY.jpeg","width":1600,"height":1130},{"@type":"BreadcrumbList","@id":"https:\/\/andreatomicich.com\/index.php\/2023\/08\/10\/bottega_500\/#breadcrumb","itemListElement":[{"@type":"ListItem","position":1,"name":"Home","item":"https:\/\/andreatomicich.com\/"},{"@type":"ListItem","position":2,"name":"Bottega &#8216;500"}]},{"@type":"WebSite","@id":"https:\/\/andreatomicich.com\/#website","url":"https:\/\/andreatomicich.com\/","name":"Andrea Tomicich photography","description":"Dalla realt\u00e0 all&#039;arte: il potere della fotografia infrarossa","publisher":{"@id":"https:\/\/andreatomicich.com\/#\/schema\/person\/498b7e9a035e820bb132541f8079f81b"},"alternateName":"Scatti che trasformano il normale in straordinario: fotografia artistica e infrarossa","potentialAction":[{"@type":"SearchAction","target":{"@type":"EntryPoint","urlTemplate":"https:\/\/andreatomicich.com\/?s={search_term_string}"},"query-input":{"@type":"PropertyValueSpecification","valueRequired":true,"valueName":"search_term_string"}}],"inLanguage":"en-US"},{"@type":["Person","Organization"],"@id":"https:\/\/andreatomicich.com\/#\/schema\/person\/498b7e9a035e820bb132541f8079f81b","name":"AdMiN9998","image":{"@type":"ImageObject","inLanguage":"en-US","@id":"https:\/\/andreatomicich.com\/wp-content\/uploads\/2022\/09\/AT_full_500px_Black.png","url":"https:\/\/andreatomicich.com\/wp-content\/uploads\/2022\/09\/AT_full_500px_Black.png","contentUrl":"https:\/\/andreatomicich.com\/wp-content\/uploads\/2022\/09\/AT_full_500px_Black.png","width":500,"height":127,"caption":"AdMiN9998"},"logo":{"@id":"https:\/\/andreatomicich.com\/wp-content\/uploads\/2022\/09\/AT_full_500px_Black.png"},"sameAs":["https:\/\/andreatomicich.com"],"url":"https:\/\/andreatomicich.com\/index.php\/author\/admin9998\/"}]}},"builder_content":"","_links":{"self":[{"href":"https:\/\/andreatomicich.com\/index.php\/wp-json\/wp\/v2\/posts\/1125","targetHints":{"allow":["GET"]}}],"collection":[{"href":"https:\/\/andreatomicich.com\/index.php\/wp-json\/wp\/v2\/posts"}],"about":[{"href":"https:\/\/andreatomicich.com\/index.php\/wp-json\/wp\/v2\/types\/post"}],"author":[{"embeddable":true,"href":"https:\/\/andreatomicich.com\/index.php\/wp-json\/wp\/v2\/users\/1"}],"replies":[{"embeddable":true,"href":"https:\/\/andreatomicich.com\/index.php\/wp-json\/wp\/v2\/comments?post=1125"}],"version-history":[{"count":3,"href":"https:\/\/andreatomicich.com\/index.php\/wp-json\/wp\/v2\/posts\/1125\/revisions"}],"predecessor-version":[{"id":1137,"href":"https:\/\/andreatomicich.com\/index.php\/wp-json\/wp\/v2\/posts\/1125\/revisions\/1137"}],"wp:featuredmedia":[{"embeddable":true,"href":"https:\/\/andreatomicich.com\/index.php\/wp-json\/wp\/v2\/media\/1126"}],"wp:attachment":[{"href":"https:\/\/andreatomicich.com\/index.php\/wp-json\/wp\/v2\/media?parent=1125"}],"wp:term":[{"taxonomy":"category","embeddable":true,"href":"https:\/\/andreatomicich.com\/index.php\/wp-json\/wp\/v2\/categories?post=1125"},{"taxonomy":"post_tag","embeddable":true,"href":"https:\/\/andreatomicich.com\/index.php\/wp-json\/wp\/v2\/tags?post=1125"}],"curies":[{"name":"wp","href":"https:\/\/api.w.org\/{rel}","templated":true}]}}