{"id":555,"date":"2022-09-20T11:41:12","date_gmt":"2022-09-20T11:41:12","guid":{"rendered":"https:\/\/andreatomicich.com\/?p=555"},"modified":"2023-03-05T17:32:46","modified_gmt":"2023-03-05T17:32:46","slug":"saturn","status":"publish","type":"post","link":"https:\/\/andreatomicich.com\/index.php\/2022\/09\/20\/saturn\/","title":{"rendered":"Saturn"},"content":{"rendered":"\n<p>Saturno \u00e8 il sesto pianeta dal Sole e il secondo pi\u00f9 grande del Sistema Solare, dopo Giove. Cos\u00ec come per Giove, non sono ben attrezzato per questo tipo di fotografia. Una focale maggiore sarebbe stata migliore ma anche se non \u00e8 il massimo con la mia attrezzatura ho fatto qualche tentativo.<\/p>\n\n\n\n<figure class=\"wp-block-image aligncenter size-full\"><img loading=\"lazy\" decoding=\"async\" width=\"1000\" height=\"667\" src=\"https:\/\/andreatomicich.com\/wp-content\/uploads\/2022\/09\/IMG_4812_.jpg\" alt=\"\" class=\"wp-image-557\" srcset=\"https:\/\/andreatomicich.com\/wp-content\/uploads\/2022\/09\/IMG_4812_.jpg 1000w, https:\/\/andreatomicich.com\/wp-content\/uploads\/2022\/09\/IMG_4812_-300x200.jpg 300w, https:\/\/andreatomicich.com\/wp-content\/uploads\/2022\/09\/IMG_4812_-768x512.jpg 768w\" sizes=\"auto, (max-width: 1000px) 100vw, 1000px\" \/><figcaption class=\"wp-element-caption\">Saturn and some moons<\/figcaption><\/figure>\n\n\n\n<p><\/p>\n\n\n\n<figure class=\"wp-block-image aligncenter size-full\"><img loading=\"lazy\" decoding=\"async\" width=\"667\" height=\"1000\" src=\"https:\/\/andreatomicich.com\/wp-content\/uploads\/2022\/09\/5DM30619.jpg\" alt=\"\" class=\"wp-image-556\" srcset=\"https:\/\/andreatomicich.com\/wp-content\/uploads\/2022\/09\/5DM30619.jpg 667w, https:\/\/andreatomicich.com\/wp-content\/uploads\/2022\/09\/5DM30619-200x300.jpg 200w\" sizes=\"auto, (max-width: 667px) 100vw, 667px\" \/><figcaption class=\"wp-element-caption\">In this photo Saturn is surrounded by some (of the 83 known) moons<\/figcaption><\/figure>\n","protected":false},"excerpt":{"rendered":"<p>Saturno \u00e8 il sesto pianeta dal Sole e il secondo pi\u00f9 grande del Sistema Solare, dopo Giove. Cos\u00ec come per Giove, non sono ben attrezzato per questo tipo di fotografia. Una focale maggiore sarebbe stata migliore ma anche se non \u00e8 il massimo con la mia attrezzatura ho fatto qualche tentativo.<\/p>\n","protected":false},"author":1,"featured_media":557,"comment_status":"closed","ping_status":"closed","sticky":false,"template":"","format":"standard","meta":{"site-sidebar-layout":"default","site-content-layout":"","ast-site-content-layout":"default","site-content-style":"default","site-sidebar-style":"default","ast-global-header-display":"","ast-banner-title-visibility":"","ast-main-header-display":"","ast-hfb-above-header-display":"","ast-hfb-below-header-display":"","ast-hfb-mobile-header-display":"","site-post-title":"","ast-breadcrumbs-content":"","ast-featured-img":"disabled","footer-sml-layout":"","ast-disable-related-posts":"","theme-transparent-header-meta":"","adv-header-id-meta":"","stick-header-meta":"","header-above-stick-meta":"","header-main-stick-meta":"","header-below-stick-meta":"","astra-migrate-meta-layouts":"default","ast-page-background-enabled":"default","ast-page-background-meta":{"desktop":{"background-color":"var(--ast-global-color-4)","background-image":"","background-repeat":"repeat","background-position":"center center","background-size":"auto","background-attachment":"scroll","background-type":"","background-media":"","overlay-type":"","overlay-color":"","overlay-opacity":"","overlay-gradient":""},"tablet":{"background-color":"","background-image":"","background-repeat":"repeat","background-position":"center center","background-size":"auto","background-attachment":"scroll","background-type":"","background-media":"","overlay-type":"","overlay-color":"","overlay-opacity":"","overlay-gradient":""},"mobile":{"background-color":"","background-image":"","background-repeat":"repeat","background-position":"center center","background-size":"auto","background-attachment":"scroll","background-type":"","background-media":"","overlay-type":"","overlay-color":"","overlay-opacity":"","overlay-gradient":""}},"ast-content-background-meta":{"desktop":{"background-color":"var(--ast-global-color-5)","background-image":"","background-repeat":"repeat","background-position":"center center","background-size":"auto","background-attachment":"scroll","background-type":"","background-media":"","overlay-type":"","overlay-color":"","overlay-opacity":"","overlay-gradient":""},"tablet":{"background-color":"var(--ast-global-color-5)","background-image":"","background-repeat":"repeat","background-position":"center center","background-size":"auto","background-attachment":"scroll","background-type":"","background-media":"","overlay-type":"","overlay-color":"","overlay-opacity":"","overlay-gradient":""},"mobile":{"background-color":"var(--ast-global-color-5)","background-image":"","background-repeat":"repeat","background-position":"center center","background-size":"auto","background-attachment":"scroll","background-type":"","background-media":"","overlay-type":"","overlay-color":"","overlay-opacity":"","overlay-gradient":""}},"footnotes":""},"categories":[9],"tags":[],"class_list":["post-555","post","type-post","status-publish","format-standard","has-post-thumbnail","hentry","category-planet"],"yoast_head":"<!-- This site is optimized with the Yoast SEO plugin v27.5 - https:\/\/yoast.com\/product\/yoast-seo-wordpress\/ -->\n<title>Saturn - Andrea Tomicich photography<\/title>\n<meta name=\"robots\" content=\"index, follow, max-snippet:-1, max-image-preview:large, max-video-preview:-1\" \/>\n<link rel=\"canonical\" href=\"https:\/\/andreatomicich.com\/index.php\/2022\/09\/20\/saturn\/\" \/>\n<meta property=\"og:locale\" content=\"en_US\" \/>\n<meta property=\"og:type\" content=\"article\" \/>\n<meta property=\"og:title\" content=\"Saturn - Andrea Tomicich photography\" \/>\n<meta property=\"og:description\" content=\"Saturno \u00e8 il sesto pianeta dal Sole e il secondo pi\u00f9 grande del Sistema Solare, dopo Giove. Cos\u00ec come per Giove, non sono ben attrezzato per questo tipo di fotografia. Una focale maggiore sarebbe stata migliore ma anche se non \u00e8 il massimo con la mia attrezzatura ho fatto qualche tentativo.\" \/>\n<meta property=\"og:url\" content=\"https:\/\/andreatomicich.com\/index.php\/2022\/09\/20\/saturn\/\" \/>\n<meta property=\"og:site_name\" content=\"Andrea Tomicich photography\" \/>\n<meta property=\"article:published_time\" content=\"2022-09-20T11:41:12+00:00\" \/>\n<meta property=\"article:modified_time\" content=\"2023-03-05T17:32:46+00:00\" \/>\n<meta property=\"og:image\" content=\"https:\/\/andreatomicich.com\/wp-content\/uploads\/2022\/09\/IMG_4812_.jpg\" \/>\n\t<meta property=\"og:image:width\" content=\"1000\" \/>\n\t<meta property=\"og:image:height\" content=\"667\" \/>\n\t<meta property=\"og:image:type\" content=\"image\/jpeg\" \/>\n<meta name=\"author\" content=\"AdMiN9998\" \/>\n<meta name=\"twitter:card\" content=\"summary_large_image\" \/>\n<meta name=\"twitter:label1\" content=\"Written by\" \/>\n\t<meta name=\"twitter:data1\" content=\"AdMiN9998\" \/>\n\t<meta name=\"twitter:label2\" content=\"Est. reading time\" \/>\n\t<meta name=\"twitter:data2\" content=\"1 minute\" \/>\n<script type=\"application\/ld+json\" class=\"yoast-schema-graph\">{\"@context\":\"https:\\\/\\\/schema.org\",\"@graph\":[{\"@type\":\"Article\",\"@id\":\"https:\\\/\\\/andreatomicich.com\\\/index.php\\\/2022\\\/09\\\/20\\\/saturn\\\/#article\",\"isPartOf\":{\"@id\":\"https:\\\/\\\/andreatomicich.com\\\/index.php\\\/2022\\\/09\\\/20\\\/saturn\\\/\"},\"author\":{\"name\":\"AdMiN9998\",\"@id\":\"https:\\\/\\\/andreatomicich.com\\\/#\\\/schema\\\/person\\\/498b7e9a035e820bb132541f8079f81b\"},\"headline\":\"Saturn\",\"datePublished\":\"2022-09-20T11:41:12+00:00\",\"dateModified\":\"2023-03-05T17:32:46+00:00\",\"mainEntityOfPage\":{\"@id\":\"https:\\\/\\\/andreatomicich.com\\\/index.php\\\/2022\\\/09\\\/20\\\/saturn\\\/\"},\"wordCount\":66,\"publisher\":{\"@id\":\"https:\\\/\\\/andreatomicich.com\\\/#\\\/schema\\\/person\\\/498b7e9a035e820bb132541f8079f81b\"},\"image\":{\"@id\":\"https:\\\/\\\/andreatomicich.com\\\/index.php\\\/2022\\\/09\\\/20\\\/saturn\\\/#primaryimage\"},\"thumbnailUrl\":\"https:\\\/\\\/andreatomicich.com\\\/wp-content\\\/uploads\\\/2022\\\/09\\\/IMG_4812_.jpg\",\"articleSection\":[\"Planet\"],\"inLanguage\":\"en-US\"},{\"@type\":\"WebPage\",\"@id\":\"https:\\\/\\\/andreatomicich.com\\\/index.php\\\/2022\\\/09\\\/20\\\/saturn\\\/\",\"url\":\"https:\\\/\\\/andreatomicich.com\\\/index.php\\\/2022\\\/09\\\/20\\\/saturn\\\/\",\"name\":\"Saturn - Andrea Tomicich photography\",\"isPartOf\":{\"@id\":\"https:\\\/\\\/andreatomicich.com\\\/#website\"},\"primaryImageOfPage\":{\"@id\":\"https:\\\/\\\/andreatomicich.com\\\/index.php\\\/2022\\\/09\\\/20\\\/saturn\\\/#primaryimage\"},\"image\":{\"@id\":\"https:\\\/\\\/andreatomicich.com\\\/index.php\\\/2022\\\/09\\\/20\\\/saturn\\\/#primaryimage\"},\"thumbnailUrl\":\"https:\\\/\\\/andreatomicich.com\\\/wp-content\\\/uploads\\\/2022\\\/09\\\/IMG_4812_.jpg\",\"datePublished\":\"2022-09-20T11:41:12+00:00\",\"dateModified\":\"2023-03-05T17:32:46+00:00\",\"breadcrumb\":{\"@id\":\"https:\\\/\\\/andreatomicich.com\\\/index.php\\\/2022\\\/09\\\/20\\\/saturn\\\/#breadcrumb\"},\"inLanguage\":\"en-US\",\"potentialAction\":[{\"@type\":\"ReadAction\",\"target\":[\"https:\\\/\\\/andreatomicich.com\\\/index.php\\\/2022\\\/09\\\/20\\\/saturn\\\/\"]}]},{\"@type\":\"ImageObject\",\"inLanguage\":\"en-US\",\"@id\":\"https:\\\/\\\/andreatomicich.com\\\/index.php\\\/2022\\\/09\\\/20\\\/saturn\\\/#primaryimage\",\"url\":\"https:\\\/\\\/andreatomicich.com\\\/wp-content\\\/uploads\\\/2022\\\/09\\\/IMG_4812_.jpg\",\"contentUrl\":\"https:\\\/\\\/andreatomicich.com\\\/wp-content\\\/uploads\\\/2022\\\/09\\\/IMG_4812_.jpg\",\"width\":1000,\"height\":667},{\"@type\":\"BreadcrumbList\",\"@id\":\"https:\\\/\\\/andreatomicich.com\\\/index.php\\\/2022\\\/09\\\/20\\\/saturn\\\/#breadcrumb\",\"itemListElement\":[{\"@type\":\"ListItem\",\"position\":1,\"name\":\"Home\",\"item\":\"https:\\\/\\\/andreatomicich.com\\\/\"},{\"@type\":\"ListItem\",\"position\":2,\"name\":\"Saturn\"}]},{\"@type\":\"WebSite\",\"@id\":\"https:\\\/\\\/andreatomicich.com\\\/#website\",\"url\":\"https:\\\/\\\/andreatomicich.com\\\/\",\"name\":\"Andrea Tomicich photography\",\"description\":\"Dalla realt\u00e0 all&#039;arte: il potere della fotografia infrarossa\",\"publisher\":{\"@id\":\"https:\\\/\\\/andreatomicich.com\\\/#\\\/schema\\\/person\\\/498b7e9a035e820bb132541f8079f81b\"},\"alternateName\":\"Scatti che trasformano il normale in straordinario: fotografia artistica e infrarossa\",\"potentialAction\":[{\"@type\":\"SearchAction\",\"target\":{\"@type\":\"EntryPoint\",\"urlTemplate\":\"https:\\\/\\\/andreatomicich.com\\\/?s={search_term_string}\"},\"query-input\":{\"@type\":\"PropertyValueSpecification\",\"valueRequired\":true,\"valueName\":\"search_term_string\"}}],\"inLanguage\":\"en-US\"},{\"@type\":[\"Person\",\"Organization\"],\"@id\":\"https:\\\/\\\/andreatomicich.com\\\/#\\\/schema\\\/person\\\/498b7e9a035e820bb132541f8079f81b\",\"name\":\"AdMiN9998\",\"image\":{\"@type\":\"ImageObject\",\"inLanguage\":\"en-US\",\"@id\":\"https:\\\/\\\/andreatomicich.com\\\/wp-content\\\/uploads\\\/2022\\\/09\\\/AT_full_500px_Black.png\",\"url\":\"https:\\\/\\\/andreatomicich.com\\\/wp-content\\\/uploads\\\/2022\\\/09\\\/AT_full_500px_Black.png\",\"contentUrl\":\"https:\\\/\\\/andreatomicich.com\\\/wp-content\\\/uploads\\\/2022\\\/09\\\/AT_full_500px_Black.png\",\"width\":500,\"height\":127,\"caption\":\"AdMiN9998\"},\"logo\":{\"@id\":\"https:\\\/\\\/andreatomicich.com\\\/wp-content\\\/uploads\\\/2022\\\/09\\\/AT_full_500px_Black.png\"},\"sameAs\":[\"https:\\\/\\\/andreatomicich.com\"],\"url\":\"https:\\\/\\\/andreatomicich.com\\\/index.php\\\/author\\\/admin9998\\\/\"}]}<\/script>\n<!-- \/ Yoast SEO plugin. -->","yoast_head_json":{"title":"Saturn - Andrea Tomicich photography","robots":{"index":"index","follow":"follow","max-snippet":"max-snippet:-1","max-image-preview":"max-image-preview:large","max-video-preview":"max-video-preview:-1"},"canonical":"https:\/\/andreatomicich.com\/index.php\/2022\/09\/20\/saturn\/","og_locale":"en_US","og_type":"article","og_title":"Saturn - Andrea Tomicich photography","og_description":"Saturno \u00e8 il sesto pianeta dal Sole e il secondo pi\u00f9 grande del Sistema Solare, dopo Giove. Cos\u00ec come per Giove, non sono ben attrezzato per questo tipo di fotografia. Una focale maggiore sarebbe stata migliore ma anche se non \u00e8 il massimo con la mia attrezzatura ho fatto qualche tentativo.","og_url":"https:\/\/andreatomicich.com\/index.php\/2022\/09\/20\/saturn\/","og_site_name":"Andrea Tomicich photography","article_published_time":"2022-09-20T11:41:12+00:00","article_modified_time":"2023-03-05T17:32:46+00:00","og_image":[{"width":1000,"height":667,"url":"https:\/\/andreatomicich.com\/wp-content\/uploads\/2022\/09\/IMG_4812_.jpg","type":"image\/jpeg"}],"author":"AdMiN9998","twitter_card":"summary_large_image","twitter_misc":{"Written by":"AdMiN9998","Est. reading time":"1 minute"},"schema":{"@context":"https:\/\/schema.org","@graph":[{"@type":"Article","@id":"https:\/\/andreatomicich.com\/index.php\/2022\/09\/20\/saturn\/#article","isPartOf":{"@id":"https:\/\/andreatomicich.com\/index.php\/2022\/09\/20\/saturn\/"},"author":{"name":"AdMiN9998","@id":"https:\/\/andreatomicich.com\/#\/schema\/person\/498b7e9a035e820bb132541f8079f81b"},"headline":"Saturn","datePublished":"2022-09-20T11:41:12+00:00","dateModified":"2023-03-05T17:32:46+00:00","mainEntityOfPage":{"@id":"https:\/\/andreatomicich.com\/index.php\/2022\/09\/20\/saturn\/"},"wordCount":66,"publisher":{"@id":"https:\/\/andreatomicich.com\/#\/schema\/person\/498b7e9a035e820bb132541f8079f81b"},"image":{"@id":"https:\/\/andreatomicich.com\/index.php\/2022\/09\/20\/saturn\/#primaryimage"},"thumbnailUrl":"https:\/\/andreatomicich.com\/wp-content\/uploads\/2022\/09\/IMG_4812_.jpg","articleSection":["Planet"],"inLanguage":"en-US"},{"@type":"WebPage","@id":"https:\/\/andreatomicich.com\/index.php\/2022\/09\/20\/saturn\/","url":"https:\/\/andreatomicich.com\/index.php\/2022\/09\/20\/saturn\/","name":"Saturn - Andrea Tomicich photography","isPartOf":{"@id":"https:\/\/andreatomicich.com\/#website"},"primaryImageOfPage":{"@id":"https:\/\/andreatomicich.com\/index.php\/2022\/09\/20\/saturn\/#primaryimage"},"image":{"@id":"https:\/\/andreatomicich.com\/index.php\/2022\/09\/20\/saturn\/#primaryimage"},"thumbnailUrl":"https:\/\/andreatomicich.com\/wp-content\/uploads\/2022\/09\/IMG_4812_.jpg","datePublished":"2022-09-20T11:41:12+00:00","dateModified":"2023-03-05T17:32:46+00:00","breadcrumb":{"@id":"https:\/\/andreatomicich.com\/index.php\/2022\/09\/20\/saturn\/#breadcrumb"},"inLanguage":"en-US","potentialAction":[{"@type":"ReadAction","target":["https:\/\/andreatomicich.com\/index.php\/2022\/09\/20\/saturn\/"]}]},{"@type":"ImageObject","inLanguage":"en-US","@id":"https:\/\/andreatomicich.com\/index.php\/2022\/09\/20\/saturn\/#primaryimage","url":"https:\/\/andreatomicich.com\/wp-content\/uploads\/2022\/09\/IMG_4812_.jpg","contentUrl":"https:\/\/andreatomicich.com\/wp-content\/uploads\/2022\/09\/IMG_4812_.jpg","width":1000,"height":667},{"@type":"BreadcrumbList","@id":"https:\/\/andreatomicich.com\/index.php\/2022\/09\/20\/saturn\/#breadcrumb","itemListElement":[{"@type":"ListItem","position":1,"name":"Home","item":"https:\/\/andreatomicich.com\/"},{"@type":"ListItem","position":2,"name":"Saturn"}]},{"@type":"WebSite","@id":"https:\/\/andreatomicich.com\/#website","url":"https:\/\/andreatomicich.com\/","name":"Andrea Tomicich photography","description":"Dalla realt\u00e0 all&#039;arte: il potere della fotografia infrarossa","publisher":{"@id":"https:\/\/andreatomicich.com\/#\/schema\/person\/498b7e9a035e820bb132541f8079f81b"},"alternateName":"Scatti che trasformano il normale in straordinario: fotografia artistica e infrarossa","potentialAction":[{"@type":"SearchAction","target":{"@type":"EntryPoint","urlTemplate":"https:\/\/andreatomicich.com\/?s={search_term_string}"},"query-input":{"@type":"PropertyValueSpecification","valueRequired":true,"valueName":"search_term_string"}}],"inLanguage":"en-US"},{"@type":["Person","Organization"],"@id":"https:\/\/andreatomicich.com\/#\/schema\/person\/498b7e9a035e820bb132541f8079f81b","name":"AdMiN9998","image":{"@type":"ImageObject","inLanguage":"en-US","@id":"https:\/\/andreatomicich.com\/wp-content\/uploads\/2022\/09\/AT_full_500px_Black.png","url":"https:\/\/andreatomicich.com\/wp-content\/uploads\/2022\/09\/AT_full_500px_Black.png","contentUrl":"https:\/\/andreatomicich.com\/wp-content\/uploads\/2022\/09\/AT_full_500px_Black.png","width":500,"height":127,"caption":"AdMiN9998"},"logo":{"@id":"https:\/\/andreatomicich.com\/wp-content\/uploads\/2022\/09\/AT_full_500px_Black.png"},"sameAs":["https:\/\/andreatomicich.com"],"url":"https:\/\/andreatomicich.com\/index.php\/author\/admin9998\/"}]}},"builder_content":"","_links":{"self":[{"href":"https:\/\/andreatomicich.com\/index.php\/wp-json\/wp\/v2\/posts\/555","targetHints":{"allow":["GET"]}}],"collection":[{"href":"https:\/\/andreatomicich.com\/index.php\/wp-json\/wp\/v2\/posts"}],"about":[{"href":"https:\/\/andreatomicich.com\/index.php\/wp-json\/wp\/v2\/types\/post"}],"author":[{"embeddable":true,"href":"https:\/\/andreatomicich.com\/index.php\/wp-json\/wp\/v2\/users\/1"}],"replies":[{"embeddable":true,"href":"https:\/\/andreatomicich.com\/index.php\/wp-json\/wp\/v2\/comments?post=555"}],"version-history":[{"count":2,"href":"https:\/\/andreatomicich.com\/index.php\/wp-json\/wp\/v2\/posts\/555\/revisions"}],"predecessor-version":[{"id":872,"href":"https:\/\/andreatomicich.com\/index.php\/wp-json\/wp\/v2\/posts\/555\/revisions\/872"}],"wp:featuredmedia":[{"embeddable":true,"href":"https:\/\/andreatomicich.com\/index.php\/wp-json\/wp\/v2\/media\/557"}],"wp:attachment":[{"href":"https:\/\/andreatomicich.com\/index.php\/wp-json\/wp\/v2\/media?parent=555"}],"wp:term":[{"taxonomy":"category","embeddable":true,"href":"https:\/\/andreatomicich.com\/index.php\/wp-json\/wp\/v2\/categories?post=555"},{"taxonomy":"post_tag","embeddable":true,"href":"https:\/\/andreatomicich.com\/index.php\/wp-json\/wp\/v2\/tags?post=555"}],"curies":[{"name":"wp","href":"https:\/\/api.w.org\/{rel}","templated":true}]}}